{"id":9444,"date":"2010-05-24T11:13:29","date_gmt":"2010-05-24T11:13:29","guid":{"rendered":"https:\/\/www.deficitdao.org\/?p=9444"},"modified":"2019-01-22T12:50:05","modified_gmt":"2019-01-22T12:50:05","slug":"a-spanish-study-points-to-the-deficit-of-diamine-oxidase-as-a-possible-cause-of-migraine-medical-publication-of-neurology","status":"publish","type":"post","link":"https:\/\/www.deficitdao.org\/en\/2010\/05\/24\/a-spanish-study-points-to-the-deficit-of-diamine-oxidase-as-a-possible-cause-of-migraine-medical-publication-of-neurology\/","title":{"rendered":"A Spanish study points to the deficit of diamine oxidase as a possible cause of migraine &#8211; Medical Publication of neurology"},"content":{"rendered":"<p><strong>On<\/strong>\u00a0<strong>24 May 2010<\/strong>\u00a0in the\u00a0<strong>Medical Journal of neurology<\/strong>\u00a0(a publication of GlaxoSmithKline and SANITARIA 2000 &#8211; with the support of Spanish Society of Neurology) presented the topics addressed during the\u00a0<strong>day to raise awareness of migraine and other vascular headaches<\/strong>, held in the Congress of Deputies of Spain. On this day had presence <strong>personalities from the worlds of politics and national and international medicine<\/strong> as the European Federation\u00a0of\u00a0Neurological Associations`s president, Mary Baker, or the member of the European Parliament Nessa Childens, also member of the\u00a0European Parliament Committee on the Environment, Public Health\u00a0and\u00a0Food\u00a0Safety.<\/p>\n<div id=\"attachment_9424\" style=\"width: 930px\" class=\"wp-caption aligncenter\"><a href=\"https:\/\/www.deficitdao.org\/wp-content\/uploads\/2019\/01\/10-5-24.-Presentaci\u00f3n-estudio-migradao-en-congreso-de-los-diputados-1.jpg\"><img loading=\"lazy\" decoding=\"async\" aria-describedby=\"caption-attachment-9424\" class=\"wp-image-9424 size-full\" src=\"https:\/\/www.deficitdao.org\/wp-content\/uploads\/2019\/01\/10-5-24.-Presentaci\u00f3n-estudio-migradao-en-congreso-de-los-diputados-1.jpg\" alt=\"Presentation of MIGRADAO study (migraine, histamine intolerance, Diamine oxidase DAO defciency) in the congress of diputies of spain\" width=\"920\" height=\"250\" srcset=\"https:\/\/www.deficitdao.org\/wp-content\/uploads\/2019\/01\/10-5-24.-Presentaci\u00f3n-estudio-migradao-en-congreso-de-los-diputados-1.jpg 920w, https:\/\/www.deficitdao.org\/wp-content\/uploads\/2019\/01\/10-5-24.-Presentaci\u00f3n-estudio-migradao-en-congreso-de-los-diputados-1-300x82.jpg 300w, https:\/\/www.deficitdao.org\/wp-content\/uploads\/2019\/01\/10-5-24.-Presentaci\u00f3n-estudio-migradao-en-congreso-de-los-diputados-1-768x209.jpg 768w, https:\/\/www.deficitdao.org\/wp-content\/uploads\/2019\/01\/10-5-24.-Presentaci\u00f3n-estudio-migradao-en-congreso-de-los-diputados-1-600x163.jpg 600w\" sizes=\"auto, (max-width: 920px) 100vw, 920px\" \/><\/a><p id=\"caption-attachment-9424\" class=\"wp-caption-text\"><strong>Mary Baker, president of the <a href=\"https:\/\/www.efna.net\/\">FENA<\/a> (European Federation\u00a0of\u00a0Neurological Associations); Fabio Antonaci, president of the <a href=\"https:\/\/ehf-org.org\/\">Europen Headache Federation<\/a>; Nessa Childens, MEP and member of ENVI (European Parliament Committee on the Environment, Public Health\u00a0and\u00a0Food\u00a0Safety); Gaspar Llamazares, president of the Commission for Health of the Congress; Audrey\u00a0Craven, President of the<a href=\"http:\/\/www.eu-patient.eu\/Members\/The-EPF-Members\/Full-Membership\/European-Headache-Alliance--Migraine-Association-of-Ireland---EHA\/\"> EHA<\/a> (European Headache Alliance )\u00a0;\u00a0Jesus Olesen, founder of the <a href=\"https:\/\/www.braincouncil.eu\/\">European Brain\u00a0Council<\/a>. Image credits: Medical Journal of neurology.<\/strong><\/p><\/div>\n<p>&nbsp;<\/p>\n<p>In this way it became apparent the\u00a0<strong>institutional , the international community and the scientific community<\/strong>\u00a0<strong>support\u00a0<\/strong>to join efforts and promote research and protocols on migraine and other vascular headaches, in order to lay their biological bases as well as their correct diagnosis, treatment, and prevention at the clinical level.<\/p>\n<h2><strong>MIGRADAO Study<\/strong><\/h2>\n<p>In the field of\u00a0<strong>research at the clinical level<\/strong>, were presented the\u00a0<strong>main findings of the\u00a0<u><a href=\"https:\/\/www.deficitdao.org\/2010\/05\/24\/evaluation-of-dao-deficiency-in-patients-with-migraine-migradao-trial\/\">study<\/a><\/u><\/strong>\u00a0<strong><u><a href=\"https:\/\/www.deficitdao.org\/2010\/05\/24\/evaluation-of-dao-deficiency-in-patients-with-migraine-migradao-trial\/\">MIGRADAO\u00a0<\/a><\/u><\/strong>(which has had its continuation in the study MIGRADAO 002)<strong>,<\/strong> apioneer clinical study at the global level in Nutritional Medicine and <a href=\"https:\/\/www.deficitdao.org\/en\/dao-deficiency\/what-is\/\">DAO deficiency\/Migraines<\/a>, and that was promoted by the Spanish Association of patients with headache (Aepac) and the Spanish laboratory DR Healthcare, specialist in the treatment of the DAO deficiency symptoms. The main research was directed by Carmen Vidal, Professor of Nutrition and Bromatology at the University of Barcelona, and its results showed a\u00a0<strong>significant relationship between deficits of the enzyme\u00a0diamine oxidase (DAO) and the emergence of migraine attacks<\/strong>\u00a0by accumulation of histamine derived from the diet.<\/p>\n<p><strong>Histamine<\/strong>\u00a0is a molecule that is present in all foods of the daily diet, and is\u00a0<strong>metabolized mainly at the level of the intestine and in blood by the\u00a0<\/strong><strong>DAO\u00a0<\/strong><strong>enzyme <\/strong>. The histamine presents different vital functions and physiological and pathological effects throughout the body, but their\u00a0<strong>involvement in the migraine is associated with its capacity to produce neurological disorders at a cerebral level<\/strong><strong>.<\/strong><\/p>\n<p>The results indicated that\u00a0<strong>96 percent of migraine sufferers have a reduced level of DAO<\/strong>\u00a0(49 percent with values between 40 and 80\u00a0udh\/ml.)\u00a0<strong>or very low<\/strong>\u00a0(47 percent with values less than 40\u00a0udh\/ml.), leading to an accumulation of histamine in tissues and organs, leading to migraine and other vascular headaches.<\/p>\n<h2><strong>New Horizons<\/strong><\/h2>\n<p>Also, on the occasion of this day,\u00a0<strong>there were numerous<\/strong>\u00a0new projects both in the scope of the Members of the European Parliament and the working life of affected patients. In addition, the\u00a0European Headache\u00a0Alliance (EHA) presented his\u00a0<strong>&#8220;Manifest of Madrid on headache and migraine&#8221;<\/strong>\u00a0which follows the previous protocols of the Declarations of Rome and\u00a0Amsterdam. The latter was signed in December 2009 and laid the basis for a greater involvement of the patient in the treatment of headache as well as a better patient-physician communication as pathways necessary for effective management of these ailments.<\/p>\n<p>In addition, this Dutch city, highlighted the<strong>\u00a0importance of the attention of migraines by a multidisciplinary team<\/strong>, which appears as the more effective care in terms of cost-effectiveness. Finally, another of the conclusions which were distilled on that occasion was the need for the multidisciplinary team is properly trained and that there is greater communication between doctors themselves.<\/p>\n<p><strong>The Manifest of Madrid<\/strong>, which has been presented at the Congress of Deputies in a session opened by Gaspar Llamazares, medic and in that time diputie for Asturias and Madrid in the General Courts of the Spanish Parliament, involves an\u00a0<strong>appeal to all European politicians to make the investigation of this disease a priority.<\/strong><\/p>\n<blockquote><p>&#8220;The migraine should be strongly taken into account in the political agenda,&#8221; said Audrey\u00a0Craven, President of the <a href=\"http:\/\/www.eu-patient.eu\/Members\/The-EPF-Members\/Full-Membership\/European-Headache-Alliance--Migraine-Association-of-Ireland---EHA\/\">EHA<\/a> (European Headache Alliance ).<\/p><\/blockquote>\n<p>In it was stablished that\u00a0<strong>migraine is a neurological disorder of the brain<\/strong>, which is recognized by the World Health Organization (WHO) as the 12th leading cause of disability and that involves a cost to the European economy of 27 billion euros a year. And it is that migraine affects more than 80 million people in the world and nearly five million in our country. Hence the need to carry out policies of action jointly by all countries.<\/p>\n<h2><strong>Patients&#8217; access to health care<\/strong><\/h2>\n<p>With the objective to determine the\u00a0<strong>access of patients to the assistance, the EHA conducted a survey<\/strong>\u00a0in which 84 percent of respondents were female and 16 percent male. Some of the data that it throw is that although in almost all countries in which this survey was conducted there are doctors and specialized centers,\u00a0<strong>the\u00a0majority of respondents considered inadequate the assistance.<\/strong>\u00a0Despite the fact that the reasons are varied, in general most makes reference to the fact that\u00a0<strong>migraine is not considered as a &#8220;true disease.&#8221;<\/strong><\/p>\n<p>In addition, revealed that\u00a0<strong>60 percent of respondents are not satisfied with the management and treatment of migraine<\/strong>, considered to be ineffective treatments, little information on how to use them and difficult access to specialist. Another fact that emerges is that only an eight percent have access to specialist and the patient takes an average of 12.8 years to be aware of the existence of a specialized center.<\/p>\n<p><strong>This discontent rises in Spain to 81 per cent.<\/strong><\/p>\n<p>&nbsp;<\/p>\n<p><strong>In the following links you can access the\u00a0<u><a href=\"http:\/\/neurologia.publicacionmedica.com\/spip.php?article282\" rel=\"nofollow\">original article<\/a><\/u>\u00a0published in Medical Journal of Neurology, or download the\u00a0pdf\u00a0through\u00a0<u><a href=\"https:\/\/www.deficitdao.org\/wp-content\/uploads\/2019\/01\/2010-5-24.-Publicaci\u00f3n-m\u00e9dica-de-neurolog\u00eda-presentaci\u00f3n-estudio-migradao-en-congreso-de-los-diputados.pdf\">here<\/a><\/u>. Get access also through these links to more information about the <a href=\"https:\/\/www.deficitdao.org\/en\/dao-deficiency\/what-is\/\">DAO Deficiency<\/a><u><\/u>,\u00a0<u><a href=\"https:\/\/www.deficitdao.org\/en\/dao-deficiency\/origin-of-dao-deficiency\/\">its origin<\/a><\/u>\u00a0and the\u00a0<u><a href=\"https:\/\/www.deficitdao.org\/en\/dao-deficiency\/histamine\/food-histamine\/\">presence of histamine and other biogenic amines en different types of foods<\/a><\/u>. \u00a0<\/strong><\/p>\n","protected":false},"excerpt":{"rendered":"<p>On\u00a024 May 2010\u00a0in the\u00a0Medical Journal of neurology\u00a0(a publication of GlaxoSmithKline and SANITARIA 2000 &#8211; with the support of Spanish Society of Neurology) presented the topics addressed during the\u00a0day to raise [&hellip;]<\/p>\n","protected":false},"author":1,"featured_media":9440,"comment_status":"open","ping_status":"open","sticky":false,"template":"","format":"standard","meta":{"footnotes":""},"categories":[179,122,127],"tags":[175,135,155,189],"class_list":["post-9444","post","type-post","status-publish","format-standard","has-post-thumbnail","hentry","category-historical","category-news","category-publications-in-the-media","tag-dao-and-migraine-en","tag-diamine-oxidase","tag-histamine-intolerance","tag-migradao-study-en"],"yoast_head":"<!-- This site is optimized with the Yoast SEO plugin v25.7 - https:\/\/yoast.com\/wordpress\/plugins\/seo\/ -->\n<title>A Spanish study points to the deficit of diamine oxidase as a possible cause of migraine - Medical Publication of neurology<\/title>\n<meta name=\"robots\" content=\"index, follow, max-snippet:-1, max-image-preview:large, max-video-preview:-1\" \/>\n<link rel=\"canonical\" href=\"https:\/\/www.deficitdao.org\/en\/2010\/05\/24\/a-spanish-study-points-to-the-deficit-of-diamine-oxidase-as-a-possible-cause-of-migraine-medical-publication-of-neurology\/\" \/>\n<meta property=\"og:locale\" content=\"en_US\" \/>\n<meta property=\"og:type\" content=\"article\" \/>\n<meta property=\"og:title\" content=\"A Spanish study points to the deficit of diamine oxidase as a possible cause of migraine - Medical Publication of neurology\" \/>\n<meta property=\"og:description\" content=\"On\u00a024 May 2010\u00a0in the\u00a0Medical Journal of neurology\u00a0(a publication of GlaxoSmithKline and SANITARIA 2000 &#8211; with the support of Spanish Society of Neurology) presented the topics addressed during the\u00a0day to raise [&hellip;]\" \/>\n<meta property=\"og:url\" content=\"https:\/\/www.deficitdao.org\/en\/2010\/05\/24\/a-spanish-study-points-to-the-deficit-of-diamine-oxidase-as-a-possible-cause-of-migraine-medical-publication-of-neurology\/\" \/>\n<meta property=\"og:site_name\" content=\"deficitdao.org\" \/>\n<meta property=\"article:published_time\" content=\"2010-05-24T11:13:29+00:00\" \/>\n<meta property=\"article:modified_time\" content=\"2019-01-22T12:50:05+00:00\" \/>\n<meta property=\"og:image\" content=\"https:\/\/www.deficitdao.org\/wp-content\/uploads\/2019\/01\/10-5-24.-portada-presentaci\u00f3n-estudio-migradao-en-congreso-de-los-diputados-1.png\" \/>\n\t<meta property=\"og:image:width\" content=\"952\" \/>\n\t<meta property=\"og:image:height\" content=\"482\" \/>\n\t<meta property=\"og:image:type\" content=\"image\/png\" \/>\n<meta name=\"author\" content=\"admin\" \/>\n<meta name=\"twitter:card\" content=\"summary_large_image\" \/>\n<meta name=\"twitter:label1\" content=\"Written by\" \/>\n\t<meta name=\"twitter:data1\" content=\"admin\" \/>\n\t<meta name=\"twitter:label2\" content=\"Est. reading time\" \/>\n\t<meta name=\"twitter:data2\" content=\"5 minutes\" \/>\n<script type=\"application\/ld+json\" class=\"yoast-schema-graph\">{\"@context\":\"https:\/\/schema.org\",\"@graph\":[{\"@type\":\"WebPage\",\"@id\":\"https:\/\/www.deficitdao.org\/en\/2010\/05\/24\/a-spanish-study-points-to-the-deficit-of-diamine-oxidase-as-a-possible-cause-of-migraine-medical-publication-of-neurology\/\",\"url\":\"https:\/\/www.deficitdao.org\/en\/2010\/05\/24\/a-spanish-study-points-to-the-deficit-of-diamine-oxidase-as-a-possible-cause-of-migraine-medical-publication-of-neurology\/\",\"name\":\"A Spanish study points to the deficit of diamine oxidase as a possible cause of migraine - Medical Publication of neurology\",\"isPartOf\":{\"@id\":\"https:\/\/www.deficitdao.org\/#website\"},\"primaryImageOfPage\":{\"@id\":\"https:\/\/www.deficitdao.org\/en\/2010\/05\/24\/a-spanish-study-points-to-the-deficit-of-diamine-oxidase-as-a-possible-cause-of-migraine-medical-publication-of-neurology\/#primaryimage\"},\"image\":{\"@id\":\"https:\/\/www.deficitdao.org\/en\/2010\/05\/24\/a-spanish-study-points-to-the-deficit-of-diamine-oxidase-as-a-possible-cause-of-migraine-medical-publication-of-neurology\/#primaryimage\"},\"thumbnailUrl\":\"https:\/\/www.deficitdao.org\/wp-content\/uploads\/2019\/01\/10-5-24.-portada-presentaci\u00f3n-estudio-migradao-en-congreso-de-los-diputados-1.png\",\"datePublished\":\"2010-05-24T11:13:29+00:00\",\"dateModified\":\"2019-01-22T12:50:05+00:00\",\"author\":{\"@id\":\"https:\/\/www.deficitdao.org\/#\/schema\/person\/b5af2351e8032fefd080ea4c700a748b\"},\"breadcrumb\":{\"@id\":\"https:\/\/www.deficitdao.org\/en\/2010\/05\/24\/a-spanish-study-points-to-the-deficit-of-diamine-oxidase-as-a-possible-cause-of-migraine-medical-publication-of-neurology\/#breadcrumb\"},\"inLanguage\":\"en-US\",\"potentialAction\":[{\"@type\":\"ReadAction\",\"target\":[\"https:\/\/www.deficitdao.org\/en\/2010\/05\/24\/a-spanish-study-points-to-the-deficit-of-diamine-oxidase-as-a-possible-cause-of-migraine-medical-publication-of-neurology\/\"]}]},{\"@type\":\"ImageObject\",\"inLanguage\":\"en-US\",\"@id\":\"https:\/\/www.deficitdao.org\/en\/2010\/05\/24\/a-spanish-study-points-to-the-deficit-of-diamine-oxidase-as-a-possible-cause-of-migraine-medical-publication-of-neurology\/#primaryimage\",\"url\":\"https:\/\/www.deficitdao.org\/wp-content\/uploads\/2019\/01\/10-5-24.-portada-presentaci\u00f3n-estudio-migradao-en-congreso-de-los-diputados-1.png\",\"contentUrl\":\"https:\/\/www.deficitdao.org\/wp-content\/uploads\/2019\/01\/10-5-24.-portada-presentaci\u00f3n-estudio-migradao-en-congreso-de-los-diputados-1.png\",\"width\":952,\"height\":482},{\"@type\":\"BreadcrumbList\",\"@id\":\"https:\/\/www.deficitdao.org\/en\/2010\/05\/24\/a-spanish-study-points-to-the-deficit-of-diamine-oxidase-as-a-possible-cause-of-migraine-medical-publication-of-neurology\/#breadcrumb\",\"itemListElement\":[{\"@type\":\"ListItem\",\"position\":1,\"name\":\"Portada\",\"item\":\"https:\/\/www.deficitdao.org\/en\/\"},{\"@type\":\"ListItem\",\"position\":2,\"name\":\"A Spanish study points to the deficit of diamine oxidase as a possible cause of migraine &#8211; Medical Publication of neurology\"}]},{\"@type\":\"WebSite\",\"@id\":\"https:\/\/www.deficitdao.org\/#website\",\"url\":\"https:\/\/www.deficitdao.org\/\",\"name\":\"deficitdao.org\",\"description\":\"International Society of DAO deficiency: biomedical R&amp;D in diamine oxidase deficiency and diet histamine induced disorders\",\"potentialAction\":[{\"@type\":\"SearchAction\",\"target\":{\"@type\":\"EntryPoint\",\"urlTemplate\":\"https:\/\/www.deficitdao.org\/?s={search_term_string}\"},\"query-input\":{\"@type\":\"PropertyValueSpecification\",\"valueRequired\":true,\"valueName\":\"search_term_string\"}}],\"inLanguage\":\"en-US\"},{\"@type\":\"Person\",\"@id\":\"https:\/\/www.deficitdao.org\/#\/schema\/person\/b5af2351e8032fefd080ea4c700a748b\",\"name\":\"admin\",\"image\":{\"@type\":\"ImageObject\",\"inLanguage\":\"en-US\",\"@id\":\"https:\/\/www.deficitdao.org\/#\/schema\/person\/image\/\",\"url\":\"https:\/\/secure.gravatar.com\/avatar\/c83c593ca82101eb47019b6652e1af17b97e7ed8a7cff74716702d46aedf4c10?s=96&d=mm&r=g\",\"contentUrl\":\"https:\/\/secure.gravatar.com\/avatar\/c83c593ca82101eb47019b6652e1af17b97e7ed8a7cff74716702d46aedf4c10?s=96&d=mm&r=g\",\"caption\":\"admin\"},\"url\":\"https:\/\/www.deficitdao.org\/en\/author\/admin\/\"}]}<\/script>\n<!-- \/ Yoast SEO plugin. -->","yoast_head_json":{"title":"A Spanish study points to the deficit of diamine oxidase as a possible cause of migraine - Medical Publication of neurology","robots":{"index":"index","follow":"follow","max-snippet":"max-snippet:-1","max-image-preview":"max-image-preview:large","max-video-preview":"max-video-preview:-1"},"canonical":"https:\/\/www.deficitdao.org\/en\/2010\/05\/24\/a-spanish-study-points-to-the-deficit-of-diamine-oxidase-as-a-possible-cause-of-migraine-medical-publication-of-neurology\/","og_locale":"en_US","og_type":"article","og_title":"A Spanish study points to the deficit of diamine oxidase as a possible cause of migraine - Medical Publication of neurology","og_description":"On\u00a024 May 2010\u00a0in the\u00a0Medical Journal of neurology\u00a0(a publication of GlaxoSmithKline and SANITARIA 2000 &#8211; with the support of Spanish Society of Neurology) presented the topics addressed during the\u00a0day to raise [&hellip;]","og_url":"https:\/\/www.deficitdao.org\/en\/2010\/05\/24\/a-spanish-study-points-to-the-deficit-of-diamine-oxidase-as-a-possible-cause-of-migraine-medical-publication-of-neurology\/","og_site_name":"deficitdao.org","article_published_time":"2010-05-24T11:13:29+00:00","article_modified_time":"2019-01-22T12:50:05+00:00","og_image":[{"width":952,"height":482,"url":"https:\/\/www.deficitdao.org\/wp-content\/uploads\/2019\/01\/10-5-24.-portada-presentaci\u00f3n-estudio-migradao-en-congreso-de-los-diputados-1.png","type":"image\/png"}],"author":"admin","twitter_card":"summary_large_image","twitter_misc":{"Written by":"admin","Est. reading time":"5 minutes"},"schema":{"@context":"https:\/\/schema.org","@graph":[{"@type":"WebPage","@id":"https:\/\/www.deficitdao.org\/en\/2010\/05\/24\/a-spanish-study-points-to-the-deficit-of-diamine-oxidase-as-a-possible-cause-of-migraine-medical-publication-of-neurology\/","url":"https:\/\/www.deficitdao.org\/en\/2010\/05\/24\/a-spanish-study-points-to-the-deficit-of-diamine-oxidase-as-a-possible-cause-of-migraine-medical-publication-of-neurology\/","name":"A Spanish study points to the deficit of diamine oxidase as a possible cause of migraine - Medical Publication of neurology","isPartOf":{"@id":"https:\/\/www.deficitdao.org\/#website"},"primaryImageOfPage":{"@id":"https:\/\/www.deficitdao.org\/en\/2010\/05\/24\/a-spanish-study-points-to-the-deficit-of-diamine-oxidase-as-a-possible-cause-of-migraine-medical-publication-of-neurology\/#primaryimage"},"image":{"@id":"https:\/\/www.deficitdao.org\/en\/2010\/05\/24\/a-spanish-study-points-to-the-deficit-of-diamine-oxidase-as-a-possible-cause-of-migraine-medical-publication-of-neurology\/#primaryimage"},"thumbnailUrl":"https:\/\/www.deficitdao.org\/wp-content\/uploads\/2019\/01\/10-5-24.-portada-presentaci\u00f3n-estudio-migradao-en-congreso-de-los-diputados-1.png","datePublished":"2010-05-24T11:13:29+00:00","dateModified":"2019-01-22T12:50:05+00:00","author":{"@id":"https:\/\/www.deficitdao.org\/#\/schema\/person\/b5af2351e8032fefd080ea4c700a748b"},"breadcrumb":{"@id":"https:\/\/www.deficitdao.org\/en\/2010\/05\/24\/a-spanish-study-points-to-the-deficit-of-diamine-oxidase-as-a-possible-cause-of-migraine-medical-publication-of-neurology\/#breadcrumb"},"inLanguage":"en-US","potentialAction":[{"@type":"ReadAction","target":["https:\/\/www.deficitdao.org\/en\/2010\/05\/24\/a-spanish-study-points-to-the-deficit-of-diamine-oxidase-as-a-possible-cause-of-migraine-medical-publication-of-neurology\/"]}]},{"@type":"ImageObject","inLanguage":"en-US","@id":"https:\/\/www.deficitdao.org\/en\/2010\/05\/24\/a-spanish-study-points-to-the-deficit-of-diamine-oxidase-as-a-possible-cause-of-migraine-medical-publication-of-neurology\/#primaryimage","url":"https:\/\/www.deficitdao.org\/wp-content\/uploads\/2019\/01\/10-5-24.-portada-presentaci\u00f3n-estudio-migradao-en-congreso-de-los-diputados-1.png","contentUrl":"https:\/\/www.deficitdao.org\/wp-content\/uploads\/2019\/01\/10-5-24.-portada-presentaci\u00f3n-estudio-migradao-en-congreso-de-los-diputados-1.png","width":952,"height":482},{"@type":"BreadcrumbList","@id":"https:\/\/www.deficitdao.org\/en\/2010\/05\/24\/a-spanish-study-points-to-the-deficit-of-diamine-oxidase-as-a-possible-cause-of-migraine-medical-publication-of-neurology\/#breadcrumb","itemListElement":[{"@type":"ListItem","position":1,"name":"Portada","item":"https:\/\/www.deficitdao.org\/en\/"},{"@type":"ListItem","position":2,"name":"A Spanish study points to the deficit of diamine oxidase as a possible cause of migraine &#8211; Medical Publication of neurology"}]},{"@type":"WebSite","@id":"https:\/\/www.deficitdao.org\/#website","url":"https:\/\/www.deficitdao.org\/","name":"deficitdao.org","description":"International Society of DAO deficiency: biomedical R&amp;D in diamine oxidase deficiency and diet histamine induced disorders","potentialAction":[{"@type":"SearchAction","target":{"@type":"EntryPoint","urlTemplate":"https:\/\/www.deficitdao.org\/?s={search_term_string}"},"query-input":{"@type":"PropertyValueSpecification","valueRequired":true,"valueName":"search_term_string"}}],"inLanguage":"en-US"},{"@type":"Person","@id":"https:\/\/www.deficitdao.org\/#\/schema\/person\/b5af2351e8032fefd080ea4c700a748b","name":"admin","image":{"@type":"ImageObject","inLanguage":"en-US","@id":"https:\/\/www.deficitdao.org\/#\/schema\/person\/image\/","url":"https:\/\/secure.gravatar.com\/avatar\/c83c593ca82101eb47019b6652e1af17b97e7ed8a7cff74716702d46aedf4c10?s=96&d=mm&r=g","contentUrl":"https:\/\/secure.gravatar.com\/avatar\/c83c593ca82101eb47019b6652e1af17b97e7ed8a7cff74716702d46aedf4c10?s=96&d=mm&r=g","caption":"admin"},"url":"https:\/\/www.deficitdao.org\/en\/author\/admin\/"}]}},"_links":{"self":[{"href":"https:\/\/www.deficitdao.org\/en\/wp-json\/wp\/v2\/posts\/9444","targetHints":{"allow":["GET"]}}],"collection":[{"href":"https:\/\/www.deficitdao.org\/en\/wp-json\/wp\/v2\/posts"}],"about":[{"href":"https:\/\/www.deficitdao.org\/en\/wp-json\/wp\/v2\/types\/post"}],"author":[{"embeddable":true,"href":"https:\/\/www.deficitdao.org\/en\/wp-json\/wp\/v2\/users\/1"}],"replies":[{"embeddable":true,"href":"https:\/\/www.deficitdao.org\/en\/wp-json\/wp\/v2\/comments?post=9444"}],"version-history":[{"count":11,"href":"https:\/\/www.deficitdao.org\/en\/wp-json\/wp\/v2\/posts\/9444\/revisions"}],"predecessor-version":[{"id":9619,"href":"https:\/\/www.deficitdao.org\/en\/wp-json\/wp\/v2\/posts\/9444\/revisions\/9619"}],"wp:featuredmedia":[{"embeddable":true,"href":"https:\/\/www.deficitdao.org\/en\/wp-json\/wp\/v2\/media\/9440"}],"wp:attachment":[{"href":"https:\/\/www.deficitdao.org\/en\/wp-json\/wp\/v2\/media?parent=9444"}],"wp:term":[{"taxonomy":"category","embeddable":true,"href":"https:\/\/www.deficitdao.org\/en\/wp-json\/wp\/v2\/categories?post=9444"},{"taxonomy":"post_tag","embeddable":true,"href":"https:\/\/www.deficitdao.org\/en\/wp-json\/wp\/v2\/tags?post=9444"}],"curies":[{"name":"wp","href":"https:\/\/api.w.org\/{rel}","templated":true}]}}